{"id":54902,"date":"2026-09-01T15:55:34","date_gmt":"2026-09-01T13:55:34","guid":{"rendered":"https:\/\/www.caa.gov.cz\/?post_type=news&#038;p=54902"},"modified":"2026-09-01T15:55:35","modified_gmt":"2026-09-01T13:55:35","slug":"pozvanka-na-pracovni-jednani-k-budoucimu-u-space","status":"publish","type":"news","link":"https:\/\/www.caa.gov.cz\/en\/news\/pozvanka-na-pracovni-jednani-k-budoucimu-u-space\/","title":{"rendered":"Pozv\u00e1nka na pracovn\u00ed jedn\u00e1n\u00ed k budouc\u00edmu U-space"},"content":{"rendered":"\n<p>\u00da\u0159ad pro civiln\u00ed letectv\u00ed zve z\u00e1stupce pr\u016fmyslu, potenci\u00e1ln\u00ed poskytovatele slu\u017eeb U-space (USSP), provozovatele bezpilotn\u00edch syst\u00e9m\u016f a dal\u0161\u00ed subjekty, kter\u00e9 p\u0159edpokl\u00e1daj\u00ed sv\u00e9 p\u016fsoben\u00ed nebo provoz v budouc\u00edm U-space na \u00fazem\u00ed \u010cesk\u00e9 republiky, na pracovn\u00ed jedn\u00e1n\u00ed.<\/p>\n\n\n\n<!--more-->\n\n\n\n<h5 class=\"wp-block-heading\">C\u00edl jedn\u00e1n\u00ed<\/h5>\n\n\n\n<p>C\u00edlem pracovn\u00edho jedn\u00e1n\u00ed je z\u00edskat konkr\u00e9tn\u00ed vstupy od budouc\u00edch poskytovatel\u016f a u\u017eivatel\u016f U-space. Tyto podklady budou vyu\u017eity p\u0159i p\u0159\u00edprav\u011b posouzen\u00ed rizik vzdu\u0161n\u00e9ho prostoru (Airspace Risk Assessment \u2013 ARA) a n\u00e1sledn\u00e9m stanoven\u00ed provozn\u00edch podm\u00ednek, omezen\u00ed a v\u00fdkonnostn\u00edch po\u017eadavk\u016f pro budouc\u00ed U-space.<\/p>\n\n\n\n<h5 class=\"wp-block-heading\">Diskuse bude zam\u011b\u0159ena zejm\u00e9na na:<\/h5>\n\n\n\n<ul class=\"wp-block-list\">\n<li>p\u0159edpokl\u00e1dan\u00fd charakter, rozsah a hustotu provozu UAS,<\/li>\n\n\n\n<li>pot\u0159eby provozovatel\u016f p\u0159i pl\u00e1nov\u00e1n\u00ed a prov\u00e1d\u011bn\u00ed operac\u00ed,<\/li>\n\n\n\n<li>podm\u00ednky pro poskytov\u00e1n\u00ed slu\u017eeb U-space,<\/li>\n\n\n\n<li>po\u017eadavky na dostupnost, kontinuitu, spolehlivost a kvalitu poskytovan\u00fdch slu\u017eeb,<\/li>\n\n\n\n<li>v\u00fdm\u011bnu provozn\u00edch informac\u00ed, technick\u00e1 rozhran\u00ed a interoperabilitu mezi jednotliv\u00fdmi subjekty,<\/li>\n\n\n\n<li>koordinaci mezi poskytovateli slu\u017eeb U-space, provozovateli UAS a dal\u0161\u00edmi dot\u010den\u00fdmi subjekty,<\/li>\n<\/ul>\n\n\n\n<p>Jedn\u00e1n\u00ed nen\u00ed koncipov\u00e1no jako obecn\u00e9 p\u0159edstaven\u00ed problematiky U-space, ale jako odborn\u00e1 pracovn\u00ed diskuse s budouc\u00edmi poskytovateli a u\u017eivateli.<\/p>\n\n\n\n<h5 class=\"wp-block-heading\">Organiza\u010dn\u00ed informace<\/h5>\n\n\n\n<p><strong>Term\u00edn:<\/strong> 23. 9. 2026 od 10:00<\/p>\n\n\n\n<p><strong>M\u00edsto:<\/strong> \u00da\u0159ad pro civiln\u00ed letectv\u00ed, K leti\u0161ti 1149\/23, 161 00 Praha 6<\/p>\n\n\n\n<p><strong>Mo\u017enost \u00fa\u010dasti:<\/strong> osobn\u011b nebo online po p\u0159edchoz\u00edm p\u0159ihl\u00e1\u0161en\u00ed<\/p>\n\n\n\n<p><strong>P\u0159ihl\u00e1\u0161en\u00ed:<\/strong> <a href=\"mailto:jakub.rericha@caa.gov.cz\">jakub.rericha@caa.gov.cz<\/a><\/p>\n\n\n\n<p>P\u0159i p\u0159ihl\u00e1\u0161en\u00ed \u017e\u00e1d\u00e1me o uveden\u00ed organizace, po\u010dtu \u00fa\u010dastn\u00edk\u016f a informace, zda se jedn\u00e1n\u00ed z\u00fa\u010dastn\u00edte osobn\u011b, nebo online. Kapacita jednac\u00ed m\u00edstnosti je omezen\u00e1.<\/p>\n\n\n\n<p>\u00da\u010dastn\u00edk\u016fm p\u0159ihl\u00e1\u0161en\u00fdm k online \u00fa\u010dasti bude odkaz pro p\u0159ipojen\u00ed zasl\u00e1n n\u00e1sledn\u011b e-mailem.<strong><\/strong><\/p>\n","protected":false},"author":12,"menu_order":0,"template":"","meta":{"_acf_changed":false,"_oasis_is_in_workflow":0,"_oasis_original":0,"_oasis_task_priority":"","footnotes":""},"news_types":[762,753],"class_list":["post-54902","news","type-news","status-publish","hentry","news_types-letadla-bez-pilota-na-palube","news_types-hlavni-aktuality"],"acf":[],"yoast_head":"<!-- This site is optimized with the Yoast SEO plugin v28.4 - https:\/\/yoast.com\/product\/yoast-seo-wordpress\/ -->\n<title>Pozv\u00e1nka na pracovn\u00ed jedn\u00e1n\u00ed k budouc\u00edmu U-space - Civil Aviation Authority of the Czech Republic<\/title>\n<meta name=\"robots\" content=\"index, follow, max-snippet:-1, max-image-preview:large, max-video-preview:-1\" \/>\n<link rel=\"canonical\" href=\"https:\/\/www.caa.gov.cz\/news\/pozvanka-na-pracovni-jednani-k-budoucimu-u-space\/\" \/>\n<meta property=\"og:locale\" content=\"en_US\" \/>\n<meta property=\"og:type\" content=\"article\" \/>\n<meta property=\"og:title\" content=\"Pozv\u00e1nka na pracovn\u00ed jedn\u00e1n\u00ed k budouc\u00edmu U-space - Civil Aviation Authority of the Czech Republic\" \/>\n<meta property=\"og:description\" content=\"\u00da\u0159ad pro civiln\u00ed letectv\u00ed zve z\u00e1stupce pr\u016fmyslu, potenci\u00e1ln\u00ed poskytovatele slu\u017eeb U-space (USSP), provozovatele bezpilotn\u00edch syst\u00e9m\u016f a dal\u0161\u00ed subjekty, kter\u00e9 p\u0159edpokl\u00e1daj\u00ed sv\u00e9 p\u016fsoben\u00ed nebo provoz v budouc\u00edm U-space na \u00fazem\u00ed \u010cesk\u00e9 republiky, na pracovn\u00ed jedn\u00e1n\u00ed.\" \/>\n<meta property=\"og:url\" content=\"https:\/\/www.caa.gov.cz\/news\/pozvanka-na-pracovni-jednani-k-budoucimu-u-space\/\" \/>\n<meta property=\"og:site_name\" content=\"Civil Aviation Authority of the Czech Republic\" \/>\n<meta property=\"article:modified_time\" content=\"2026-09-01T13:55:35+00:00\" \/>\n<meta name=\"twitter:card\" content=\"summary_large_image\" \/>\n<meta name=\"twitter:label1\" content=\"Est. reading time\" \/>\n\t<meta name=\"twitter:data1\" content=\"2 minutes\" \/>\n<script type=\"application\/ld+json\" class=\"yoast-schema-graph\">{\"@context\":\"https:\\\/\\\/schema.org\",\"@graph\":[{\"@type\":\"WebPage\",\"@id\":\"https:\\\/\\\/www.caa.gov.cz\\\/news\\\/pozvanka-na-pracovni-jednani-k-budoucimu-u-space\\\/\",\"url\":\"https:\\\/\\\/www.caa.gov.cz\\\/news\\\/pozvanka-na-pracovni-jednani-k-budoucimu-u-space\\\/\",\"name\":\"Pozv\u00e1nka na pracovn\u00ed jedn\u00e1n\u00ed k budouc\u00edmu U-space - Civil Aviation Authority of the Czech Republic\",\"isPartOf\":{\"@id\":\"https:\\\/\\\/www.caa.gov.cz\\\/#website\"},\"datePublished\":\"2026-09-01T13:55:34+00:00\",\"dateModified\":\"2026-09-01T13:55:35+00:00\",\"breadcrumb\":{\"@id\":\"https:\\\/\\\/www.caa.gov.cz\\\/news\\\/pozvanka-na-pracovni-jednani-k-budoucimu-u-space\\\/#breadcrumb\"},\"inLanguage\":\"en-US\",\"potentialAction\":[{\"@type\":\"ReadAction\",\"target\":[\"https:\\\/\\\/www.caa.gov.cz\\\/news\\\/pozvanka-na-pracovni-jednani-k-budoucimu-u-space\\\/\"]}]},{\"@type\":\"BreadcrumbList\",\"@id\":\"https:\\\/\\\/www.caa.gov.cz\\\/news\\\/pozvanka-na-pracovni-jednani-k-budoucimu-u-space\\\/#breadcrumb\",\"itemListElement\":[{\"@type\":\"ListItem\",\"position\":1,\"name\":\"Dom\u016f\",\"item\":\"https:\\\/\\\/www.caa.gov.cz\\\/en\\\/\"},{\"@type\":\"ListItem\",\"position\":2,\"name\":\"Aktuality\",\"item\":\"https:\\\/\\\/www.caa.gov.cz\\\/en\\\/news\\\/\"},{\"@type\":\"ListItem\",\"position\":3,\"name\":\"Pozv\u00e1nka na pracovn\u00ed jedn\u00e1n\u00ed k budouc\u00edmu U-space\"}]},{\"@type\":\"WebSite\",\"@id\":\"https:\\\/\\\/www.caa.gov.cz\\\/#website\",\"url\":\"https:\\\/\\\/www.caa.gov.cz\\\/\",\"name\":\"Civil Aviation Authority of the Czech Republic\",\"description\":\"\",\"potentialAction\":[{\"@type\":\"SearchAction\",\"target\":{\"@type\":\"EntryPoint\",\"urlTemplate\":\"https:\\\/\\\/www.caa.gov.cz\\\/?s={search_term_string}\"},\"query-input\":{\"@type\":\"PropertyValueSpecification\",\"valueRequired\":true,\"valueName\":\"search_term_string\"}}],\"inLanguage\":\"en-US\"}]}<\/script>\n<!-- \/ Yoast SEO plugin. -->","yoast_head_json":{"title":"Pozv\u00e1nka na pracovn\u00ed jedn\u00e1n\u00ed k budouc\u00edmu U-space - Civil Aviation Authority of the Czech Republic","robots":{"index":"index","follow":"follow","max-snippet":"max-snippet:-1","max-image-preview":"max-image-preview:large","max-video-preview":"max-video-preview:-1"},"canonical":"https:\/\/www.caa.gov.cz\/news\/pozvanka-na-pracovni-jednani-k-budoucimu-u-space\/","og_locale":"en_US","og_type":"article","og_title":"Pozv\u00e1nka na pracovn\u00ed jedn\u00e1n\u00ed k budouc\u00edmu U-space - Civil Aviation Authority of the Czech Republic","og_description":"\u00da\u0159ad pro civiln\u00ed letectv\u00ed zve z\u00e1stupce pr\u016fmyslu, potenci\u00e1ln\u00ed poskytovatele slu\u017eeb U-space (USSP), provozovatele bezpilotn\u00edch syst\u00e9m\u016f a dal\u0161\u00ed subjekty, kter\u00e9 p\u0159edpokl\u00e1daj\u00ed sv\u00e9 p\u016fsoben\u00ed nebo provoz v budouc\u00edm U-space na \u00fazem\u00ed \u010cesk\u00e9 republiky, na pracovn\u00ed jedn\u00e1n\u00ed.","og_url":"https:\/\/www.caa.gov.cz\/news\/pozvanka-na-pracovni-jednani-k-budoucimu-u-space\/","og_site_name":"Civil Aviation Authority of the Czech Republic","article_modified_time":"2026-09-01T13:55:35+00:00","twitter_card":"summary_large_image","twitter_misc":{"Est. reading time":"2 minutes"},"schema":{"@context":"https:\/\/schema.org","@graph":[{"@type":"WebPage","@id":"https:\/\/www.caa.gov.cz\/news\/pozvanka-na-pracovni-jednani-k-budoucimu-u-space\/","url":"https:\/\/www.caa.gov.cz\/news\/pozvanka-na-pracovni-jednani-k-budoucimu-u-space\/","name":"Pozv\u00e1nka na pracovn\u00ed jedn\u00e1n\u00ed k budouc\u00edmu U-space - Civil Aviation Authority of the Czech Republic","isPartOf":{"@id":"https:\/\/www.caa.gov.cz\/#website"},"datePublished":"2026-09-01T13:55:34+00:00","dateModified":"2026-09-01T13:55:35+00:00","breadcrumb":{"@id":"https:\/\/www.caa.gov.cz\/news\/pozvanka-na-pracovni-jednani-k-budoucimu-u-space\/#breadcrumb"},"inLanguage":"en-US","potentialAction":[{"@type":"ReadAction","target":["https:\/\/www.caa.gov.cz\/news\/pozvanka-na-pracovni-jednani-k-budoucimu-u-space\/"]}]},{"@type":"BreadcrumbList","@id":"https:\/\/www.caa.gov.cz\/news\/pozvanka-na-pracovni-jednani-k-budoucimu-u-space\/#breadcrumb","itemListElement":[{"@type":"ListItem","position":1,"name":"Dom\u016f","item":"https:\/\/www.caa.gov.cz\/en\/"},{"@type":"ListItem","position":2,"name":"Aktuality","item":"https:\/\/www.caa.gov.cz\/en\/news\/"},{"@type":"ListItem","position":3,"name":"Pozv\u00e1nka na pracovn\u00ed jedn\u00e1n\u00ed k budouc\u00edmu U-space"}]},{"@type":"WebSite","@id":"https:\/\/www.caa.gov.cz\/#website","url":"https:\/\/www.caa.gov.cz\/","name":"Civil Aviation Authority of the Czech Republic","description":"","potentialAction":[{"@type":"SearchAction","target":{"@type":"EntryPoint","urlTemplate":"https:\/\/www.caa.gov.cz\/?s={search_term_string}"},"query-input":{"@type":"PropertyValueSpecification","valueRequired":true,"valueName":"search_term_string"}}],"inLanguage":"en-US"}]}},"publishpress_future_action":{"enabled":false,"date":"2026-09-09 10:03:15","action":"change-status","newStatus":"draft","terms":[],"taxonomy":"news_types","extraData":[]},"publishpress_future_workflow_manual_trigger":{"enabledWorkflows":[]},"_links":{"self":[{"href":"https:\/\/www.caa.gov.cz\/en\/wp-json\/wp\/v2\/news\/54902","targetHints":{"allow":["GET"]}}],"collection":[{"href":"https:\/\/www.caa.gov.cz\/en\/wp-json\/wp\/v2\/news"}],"about":[{"href":"https:\/\/www.caa.gov.cz\/en\/wp-json\/wp\/v2\/types\/news"}],"author":[{"embeddable":true,"href":"https:\/\/www.caa.gov.cz\/en\/wp-json\/wp\/v2\/users\/12"}],"version-history":[{"count":1,"href":"https:\/\/www.caa.gov.cz\/en\/wp-json\/wp\/v2\/news\/54902\/revisions"}],"predecessor-version":[{"id":54903,"href":"https:\/\/www.caa.gov.cz\/en\/wp-json\/wp\/v2\/news\/54902\/revisions\/54903"}],"wp:attachment":[{"href":"https:\/\/www.caa.gov.cz\/en\/wp-json\/wp\/v2\/media?parent=54902"}],"wp:term":[{"taxonomy":"news_types","embeddable":true,"href":"https:\/\/www.caa.gov.cz\/en\/wp-json\/wp\/v2\/news_types?post=54902"}],"curies":[{"name":"wp","href":"https:\/\/api.w.org\/{rel}","templated":true}]}}