{"id":19879,"date":"2020-03-17T08:16:55","date_gmt":"2020-03-17T07:16:55","guid":{"rendered":"https:\/\/www.caa.cz\/?post_type=news&#038;p=19879"},"modified":"2020-03-31T12:16:56","modified_gmt":"2020-03-31T10:16:56","slug":"sdeleni-pro-cestujici-jejichz-planovane-lety-byly-zruseny-v-obdobi-od-5-3-2020-do-soucasnosti","status":"publish","type":"news","link":"https:\/\/www.caa.gov.cz\/en\/news\/sdeleni-pro-cestujici-jejichz-planovane-lety-byly-zruseny-v-obdobi-od-5-3-2020-do-soucasnosti\/","title":{"rendered":"Sd\u011blen\u00ed pro cestuj\u00edc\u00ed, jejich\u017e pl\u00e1novan\u00e9 lety byly zru\u0161eny v obdob\u00ed od 5. 3. 2020 do sou\u010dasnosti"},"content":{"rendered":"\n<p>V\u00e1\u017een\u00ed cestuj\u00edc\u00ed,<\/p>\n\n\n\n<p>s&nbsp;ohledem na hromadn\u00e9 ru\u0161en\u00ed\nlet\u016f leteck\u00fdch spole\u010dnost\u00ed v&nbsp;obdob\u00ed od 5. 3. 2020 do odvol\u00e1n\u00ed\nv&nbsp;d\u016fsledku krok\u016f p\u0159ijat\u00fdch vl\u00e1dou \u010cesk\u00e9 republiky si V\u00e1s dovolujeme\ninformovat o tom, \u017ee \u00da\u0159ad pro civiln\u00ed letectv\u00ed nebude po leteck\u00fdch dopravc\u00edch\nvym\u00e1hat n\u00e1hradu \u0161kody ve smyslu \u010dl. 7 na\u0159\u00edzen\u00ed EP a Rady (ES) \u010d. 261\/2004. <\/p>\n\n\n\n<p>Leteck\u00fd dopravce je povinen\nuhradit cestuj\u00edc\u00edm po\u0159izovac\u00ed cenu letenky, \u00da\u0159ad v\u0161ak zast\u00e1v\u00e1 stanovisko, \u017ee\nleteck\u00fd dopravce nen\u00ed povinen k&nbsp;n\u00e1hrad\u011b \u0161kody z&nbsp;d\u016fvodu existence\nmimo\u0159\u00e1dn\u00e9 okolnosti. <\/p>\n\n\n\n<p>Cestuj\u00edc\u00ed pros\u00edme o trp\u011blivost\np\u0159i uplat\u0148ov\u00e1n\u00ed n\u00e1roku na vr\u00e1cen\u00ed po\u0159izovac\u00ed ceny letenky. Jsme si v\u011bdomi toho,\n\u017ee z\u00e1kaznick\u00e9 linky leteck\u00fdch dopravc\u016f jsou v&nbsp;sou\u010dasn\u00e9 dob\u011b p\u0159et\u00ed\u017een\u00e9 nebo\nnefunk\u010dn\u00ed, doporu\u010dujeme v\u0161ak cestuj\u00edc\u00edm vy\u010dkat do doby alespo\u0148 \u010d\u00e1ste\u010dn\u00e9 stabilizace\ncel\u00e9 situace, a a\u017e pot\u00e9 se pokusit kontaktovat leteck\u00e9ho dopravce. <\/p>\n\n\n\n<p>Cestuj\u00edc\u00ed\nrovn\u011b\u017e upozor\u0148ujeme na mo\u017enost obr\u00e1tit se na v\u011bcn\u011b a m\u00edstn\u011b p\u0159\u00edslu\u0161n\u00fd soud\ns&nbsp;uplatn\u011bn\u00edm sv\u00e9ho n\u00e1roku.<\/p>\n","protected":false},"author":11,"menu_order":0,"template":"","meta":{"_acf_changed":false,"_oasis_is_in_workflow":0,"_oasis_original":0,"_oasis_task_priority":"2normal","footnotes":""},"news_types":[783,753,767],"class_list":["post-19879","news","type-news","status-publish","hentry","news_types-covid","news_types-hlavni-aktuality","news_types-verejnost"],"acf":[],"yoast_head":"<!-- This site is optimized with the Yoast SEO plugin v27.5 - https:\/\/yoast.com\/product\/yoast-seo-wordpress\/ -->\n<title>Sd\u011blen\u00ed pro cestuj\u00edc\u00ed, jejich\u017e pl\u00e1novan\u00e9 lety byly zru\u0161eny v obdob\u00ed od 5. 3. 2020 do sou\u010dasnosti - Civil Aviation Authority of the Czech Republic<\/title>\n<meta name=\"robots\" content=\"index, follow, max-snippet:-1, max-image-preview:large, max-video-preview:-1\" \/>\n<link rel=\"canonical\" href=\"https:\/\/www.caa.gov.cz\/en\/news\/sdeleni-pro-cestujici-jejichz-planovane-lety-byly-zruseny-v-obdobi-od-5-3-2020-do-soucasnosti\/\" \/>\n<meta property=\"og:locale\" content=\"en_US\" \/>\n<meta property=\"og:type\" content=\"article\" \/>\n<meta property=\"og:title\" content=\"Sd\u011blen\u00ed pro cestuj\u00edc\u00ed, jejich\u017e pl\u00e1novan\u00e9 lety byly zru\u0161eny v obdob\u00ed od 5. 3. 2020 do sou\u010dasnosti - Civil Aviation Authority of the Czech Republic\" \/>\n<meta property=\"og:description\" content=\"V\u00e1\u017een\u00ed cestuj\u00edc\u00ed, s&nbsp;ohledem na hromadn\u00e9 ru\u0161en\u00ed let\u016f leteck\u00fdch spole\u010dnost\u00ed v&nbsp;obdob\u00ed od 5. 3. 2020 do odvol\u00e1n\u00ed v&nbsp;d\u016fsledku krok\u016f p\u0159ijat\u00fdch vl\u00e1dou \u010cesk\u00e9 republiky si V\u00e1s dovolujeme informovat o tom, \u017ee \u00da\u0159ad pro civiln\u00ed letectv\u00ed nebude po leteck\u00fdch dopravc\u00edch vym\u00e1hat n\u00e1hradu \u0161kody ve smyslu \u010dl. 7 na\u0159\u00edzen\u00ed EP a Rady (ES) \u010d. 261\/2004. Leteck\u00fd dopravce je povinen [&hellip;]\" \/>\n<meta property=\"og:url\" content=\"https:\/\/www.caa.gov.cz\/en\/news\/sdeleni-pro-cestujici-jejichz-planovane-lety-byly-zruseny-v-obdobi-od-5-3-2020-do-soucasnosti\/\" \/>\n<meta property=\"og:site_name\" content=\"Civil Aviation Authority of the Czech Republic\" \/>\n<meta property=\"article:modified_time\" content=\"2020-03-31T10:16:56+00:00\" \/>\n<meta name=\"twitter:card\" content=\"summary_large_image\" \/>\n<meta name=\"twitter:label1\" content=\"Est. reading time\" \/>\n\t<meta name=\"twitter:data1\" content=\"1 minute\" \/>\n<script type=\"application\/ld+json\" class=\"yoast-schema-graph\">{\"@context\":\"https:\\\/\\\/schema.org\",\"@graph\":[{\"@type\":\"WebPage\",\"@id\":\"https:\\\/\\\/www.caa.gov.cz\\\/en\\\/news\\\/sdeleni-pro-cestujici-jejichz-planovane-lety-byly-zruseny-v-obdobi-od-5-3-2020-do-soucasnosti\\\/\",\"url\":\"https:\\\/\\\/www.caa.gov.cz\\\/en\\\/news\\\/sdeleni-pro-cestujici-jejichz-planovane-lety-byly-zruseny-v-obdobi-od-5-3-2020-do-soucasnosti\\\/\",\"name\":\"Sd\u011blen\u00ed pro cestuj\u00edc\u00ed, jejich\u017e pl\u00e1novan\u00e9 lety byly zru\u0161eny v obdob\u00ed od 5. 3. 2020 do sou\u010dasnosti - Civil Aviation Authority of the Czech Republic\",\"isPartOf\":{\"@id\":\"https:\\\/\\\/www.caa.gov.cz\\\/#website\"},\"datePublished\":\"2020-03-17T07:16:55+00:00\",\"dateModified\":\"2020-03-31T10:16:56+00:00\",\"breadcrumb\":{\"@id\":\"https:\\\/\\\/www.caa.gov.cz\\\/en\\\/news\\\/sdeleni-pro-cestujici-jejichz-planovane-lety-byly-zruseny-v-obdobi-od-5-3-2020-do-soucasnosti\\\/#breadcrumb\"},\"inLanguage\":\"en-US\",\"potentialAction\":[{\"@type\":\"ReadAction\",\"target\":[\"https:\\\/\\\/www.caa.gov.cz\\\/en\\\/news\\\/sdeleni-pro-cestujici-jejichz-planovane-lety-byly-zruseny-v-obdobi-od-5-3-2020-do-soucasnosti\\\/\"]}]},{\"@type\":\"BreadcrumbList\",\"@id\":\"https:\\\/\\\/www.caa.gov.cz\\\/en\\\/news\\\/sdeleni-pro-cestujici-jejichz-planovane-lety-byly-zruseny-v-obdobi-od-5-3-2020-do-soucasnosti\\\/#breadcrumb\",\"itemListElement\":[{\"@type\":\"ListItem\",\"position\":1,\"name\":\"Dom\u016f\",\"item\":\"https:\\\/\\\/www.caa.gov.cz\\\/en\\\/\"},{\"@type\":\"ListItem\",\"position\":2,\"name\":\"Aktuality\",\"item\":\"https:\\\/\\\/www.caa.gov.cz\\\/en\\\/news\\\/\"},{\"@type\":\"ListItem\",\"position\":3,\"name\":\"Sd\u011blen\u00ed pro cestuj\u00edc\u00ed, jejich\u017e pl\u00e1novan\u00e9 lety byly zru\u0161eny v obdob\u00ed od 5. 3. 2020 do sou\u010dasnosti\"}]},{\"@type\":\"WebSite\",\"@id\":\"https:\\\/\\\/www.caa.gov.cz\\\/#website\",\"url\":\"https:\\\/\\\/www.caa.gov.cz\\\/\",\"name\":\"Civil Aviation Authority of the Czech Republic\",\"description\":\"\",\"potentialAction\":[{\"@type\":\"SearchAction\",\"target\":{\"@type\":\"EntryPoint\",\"urlTemplate\":\"https:\\\/\\\/www.caa.gov.cz\\\/?s={search_term_string}\"},\"query-input\":{\"@type\":\"PropertyValueSpecification\",\"valueRequired\":true,\"valueName\":\"search_term_string\"}}],\"inLanguage\":\"en-US\"}]}<\/script>\n<!-- \/ Yoast SEO plugin. -->","yoast_head_json":{"title":"Sd\u011blen\u00ed pro cestuj\u00edc\u00ed, jejich\u017e pl\u00e1novan\u00e9 lety byly zru\u0161eny v obdob\u00ed od 5. 3. 2020 do sou\u010dasnosti - Civil Aviation Authority of the Czech Republic","robots":{"index":"index","follow":"follow","max-snippet":"max-snippet:-1","max-image-preview":"max-image-preview:large","max-video-preview":"max-video-preview:-1"},"canonical":"https:\/\/www.caa.gov.cz\/en\/news\/sdeleni-pro-cestujici-jejichz-planovane-lety-byly-zruseny-v-obdobi-od-5-3-2020-do-soucasnosti\/","og_locale":"en_US","og_type":"article","og_title":"Sd\u011blen\u00ed pro cestuj\u00edc\u00ed, jejich\u017e pl\u00e1novan\u00e9 lety byly zru\u0161eny v obdob\u00ed od 5. 3. 2020 do sou\u010dasnosti - Civil Aviation Authority of the Czech Republic","og_description":"V\u00e1\u017een\u00ed cestuj\u00edc\u00ed, s&nbsp;ohledem na hromadn\u00e9 ru\u0161en\u00ed let\u016f leteck\u00fdch spole\u010dnost\u00ed v&nbsp;obdob\u00ed od 5. 3. 2020 do odvol\u00e1n\u00ed v&nbsp;d\u016fsledku krok\u016f p\u0159ijat\u00fdch vl\u00e1dou \u010cesk\u00e9 republiky si V\u00e1s dovolujeme informovat o tom, \u017ee \u00da\u0159ad pro civiln\u00ed letectv\u00ed nebude po leteck\u00fdch dopravc\u00edch vym\u00e1hat n\u00e1hradu \u0161kody ve smyslu \u010dl. 7 na\u0159\u00edzen\u00ed EP a Rady (ES) \u010d. 261\/2004. Leteck\u00fd dopravce je povinen [&hellip;]","og_url":"https:\/\/www.caa.gov.cz\/en\/news\/sdeleni-pro-cestujici-jejichz-planovane-lety-byly-zruseny-v-obdobi-od-5-3-2020-do-soucasnosti\/","og_site_name":"Civil Aviation Authority of the Czech Republic","article_modified_time":"2020-03-31T10:16:56+00:00","twitter_card":"summary_large_image","twitter_misc":{"Est. reading time":"1 minute"},"schema":{"@context":"https:\/\/schema.org","@graph":[{"@type":"WebPage","@id":"https:\/\/www.caa.gov.cz\/en\/news\/sdeleni-pro-cestujici-jejichz-planovane-lety-byly-zruseny-v-obdobi-od-5-3-2020-do-soucasnosti\/","url":"https:\/\/www.caa.gov.cz\/en\/news\/sdeleni-pro-cestujici-jejichz-planovane-lety-byly-zruseny-v-obdobi-od-5-3-2020-do-soucasnosti\/","name":"Sd\u011blen\u00ed pro cestuj\u00edc\u00ed, jejich\u017e pl\u00e1novan\u00e9 lety byly zru\u0161eny v obdob\u00ed od 5. 3. 2020 do sou\u010dasnosti - Civil Aviation Authority of the Czech Republic","isPartOf":{"@id":"https:\/\/www.caa.gov.cz\/#website"},"datePublished":"2020-03-17T07:16:55+00:00","dateModified":"2020-03-31T10:16:56+00:00","breadcrumb":{"@id":"https:\/\/www.caa.gov.cz\/en\/news\/sdeleni-pro-cestujici-jejichz-planovane-lety-byly-zruseny-v-obdobi-od-5-3-2020-do-soucasnosti\/#breadcrumb"},"inLanguage":"en-US","potentialAction":[{"@type":"ReadAction","target":["https:\/\/www.caa.gov.cz\/en\/news\/sdeleni-pro-cestujici-jejichz-planovane-lety-byly-zruseny-v-obdobi-od-5-3-2020-do-soucasnosti\/"]}]},{"@type":"BreadcrumbList","@id":"https:\/\/www.caa.gov.cz\/en\/news\/sdeleni-pro-cestujici-jejichz-planovane-lety-byly-zruseny-v-obdobi-od-5-3-2020-do-soucasnosti\/#breadcrumb","itemListElement":[{"@type":"ListItem","position":1,"name":"Dom\u016f","item":"https:\/\/www.caa.gov.cz\/en\/"},{"@type":"ListItem","position":2,"name":"Aktuality","item":"https:\/\/www.caa.gov.cz\/en\/news\/"},{"@type":"ListItem","position":3,"name":"Sd\u011blen\u00ed pro cestuj\u00edc\u00ed, jejich\u017e pl\u00e1novan\u00e9 lety byly zru\u0161eny v obdob\u00ed od 5. 3. 2020 do sou\u010dasnosti"}]},{"@type":"WebSite","@id":"https:\/\/www.caa.gov.cz\/#website","url":"https:\/\/www.caa.gov.cz\/","name":"Civil Aviation Authority of the Czech Republic","description":"","potentialAction":[{"@type":"SearchAction","target":{"@type":"EntryPoint","urlTemplate":"https:\/\/www.caa.gov.cz\/?s={search_term_string}"},"query-input":{"@type":"PropertyValueSpecification","valueRequired":true,"valueName":"search_term_string"}}],"inLanguage":"en-US"}]}},"publishpress_future_action":{"enabled":false,"date":"2026-05-09 04:34:55","action":"change-status","newStatus":"draft","terms":[],"taxonomy":"news_types","extraData":[]},"publishpress_future_workflow_manual_trigger":{"enabledWorkflows":[]},"_links":{"self":[{"href":"https:\/\/www.caa.gov.cz\/en\/wp-json\/wp\/v2\/news\/19879","targetHints":{"allow":["GET"]}}],"collection":[{"href":"https:\/\/www.caa.gov.cz\/en\/wp-json\/wp\/v2\/news"}],"about":[{"href":"https:\/\/www.caa.gov.cz\/en\/wp-json\/wp\/v2\/types\/news"}],"author":[{"embeddable":true,"href":"https:\/\/www.caa.gov.cz\/en\/wp-json\/wp\/v2\/users\/11"}],"version-history":[{"count":1,"href":"https:\/\/www.caa.gov.cz\/en\/wp-json\/wp\/v2\/news\/19879\/revisions"}],"predecessor-version":[{"id":19880,"href":"https:\/\/www.caa.gov.cz\/en\/wp-json\/wp\/v2\/news\/19879\/revisions\/19880"}],"wp:attachment":[{"href":"https:\/\/www.caa.gov.cz\/en\/wp-json\/wp\/v2\/media?parent=19879"}],"wp:term":[{"taxonomy":"news_types","embeddable":true,"href":"https:\/\/www.caa.gov.cz\/en\/wp-json\/wp\/v2\/news_types?post=19879"}],"curies":[{"name":"wp","href":"https:\/\/api.w.org\/{rel}","templated":true}]}}